{"id":2135,"date":"2024-04-02T21:13:00","date_gmt":"2024-04-03T02:13:00","guid":{"rendered":"https:\/\/negrotropico.com\/blog\/?p=2135"},"modified":"2025-01-11T05:52:32","modified_gmt":"2025-01-11T10:52:32","slug":"las-trenzas-sonoras","status":"publish","type":"post","link":"https:\/\/negrotropico.com\/blog\/produccion\/las-trenzas-sonoras\/","title":{"rendered":"Las Trenzas Sonoras"},"content":{"rendered":"\n<p><strong><em>Trenzas Sonoras<\/em><\/strong>&nbsp;es una investigaci\u00f3n exploratoria sobre las m\u00faltiples sonoridades que caracterizan a una ciudad. Centra su inter\u00e9s en visibilizar y documentar desde una plataforma multimedia, los diferentes procesos de creaci\u00f3n alrededor de contenidos sonoros que vienen realizando desde hace varios a\u00f1os distintos grupos: acad\u00e9micos, colectivos art\u00edsticos, medios alternativos y ciudadanos emp\u00edricos profundamente interesados en la circulaci\u00f3n de lenguajes sonoros.<\/p>\n\n\n\n<p>A trav\u00e9s de una cartograf\u00eda dise\u00f1ada desde el periodismo narrativo vamos a trenzar un mosaico de experiencias, iniciativas y esfuerzos en torno al registro, la sensibilizaci\u00f3n y la experimentaci\u00f3n con sonoridades, con una perspectiva de apropiaci\u00f3n del espacio sonoro y de reflexi\u00f3n en torno al concepto de patrimonio cultural. Igualmente se est\u00edmula con los receptores, la creaci\u00f3n de din\u00e1micas de escucha, formaci\u00f3n de p\u00fablico y de interacci\u00f3n entre sonido y espacio urbano.<\/p>\n\n\n\n<figure class=\"wp-block-image alignfull size-large\"><img loading=\"lazy\" decoding=\"async\" width=\"1024\" height=\"576\" src=\"https:\/\/negrotropico.com\/blog\/wp-content\/uploads\/2022\/12\/negrotropico-trenzas-sonoras-1024x576.png\" alt=\"\" class=\"wp-image-1958\" srcset=\"https:\/\/negrotropico.com\/blog\/wp-content\/uploads\/2022\/12\/negrotropico-trenzas-sonoras-1024x576.png 1024w, https:\/\/negrotropico.com\/blog\/wp-content\/uploads\/2022\/12\/negrotropico-trenzas-sonoras-300x169.png 300w, https:\/\/negrotropico.com\/blog\/wp-content\/uploads\/2022\/12\/negrotropico-trenzas-sonoras-768x432.png 768w, https:\/\/negrotropico.com\/blog\/wp-content\/uploads\/2022\/12\/negrotropico-trenzas-sonoras-1536x864.png 1536w, https:\/\/negrotropico.com\/blog\/wp-content\/uploads\/2022\/12\/negrotropico-trenzas-sonoras-360x203.png 360w, https:\/\/negrotropico.com\/blog\/wp-content\/uploads\/2022\/12\/negrotropico-trenzas-sonoras.png 1920w\" sizes=\"auto, (max-width: 1024px) 100vw, 1024px\" \/><\/figure>\n\n\n\n<p><strong>Cr\u00e9ditos<\/strong><br>Coordinadora Sala Audiovisual: Ana Paola Angulo \/\/ Investigaci\u00f3n y Producci\u00f3n:&nbsp;<a rel=\"noreferrer noopener\" href=\"https:\/\/twitter.com\/HaroldPardey\" target=\"_blank\">Harold Pardey<\/a>&nbsp;\/\/ Dise\u00f1o y Material Media:&nbsp;<a href=\"https:\/\/cansius.org\/studio\" target=\"_blank\" rel=\"noreferrer noopener\">Alterdezine<\/a>&nbsp;\/\/ Aplicaci\u00f3n Web:&nbsp;<a href=\"https:\/\/cansius.org\/lab\" target=\"_blank\" rel=\"noreferrer noopener\">Hypermente<\/a><\/p>\n\n\n\n<p><strong>Apoyan<\/strong><br><a rel=\"noreferrer noopener\" href=\"https:\/\/www.facebook.com\/SateliteSursystem\/\" target=\"_blank\">Sat\u00e9lite Sursystem<\/a>&nbsp;\/\/&nbsp;<a rel=\"noreferrer noopener\" href=\"https:\/\/negrotropico.com\/\" target=\"_blank\">Negrotropico<\/a>&nbsp;\/\/&nbsp;<a rel=\"noreferrer noopener\" href=\"https:\/\/www.cali.gov.co\/cultura\/\" target=\"_blank\">Secretar\u00eda de Cultura de Cali<\/a>&nbsp;\/\/&nbsp;<a rel=\"noreferrer noopener\" href=\"https:\/\/cansius.org\/\" target=\"_blank\">Cansius<\/a><\/p>\n\n\n\n<p>Ver &gt; <a href=\"https:\/\/negrotropico.com\/trenzassonoras\" target=\"_blank\" rel=\"noreferrer noopener\">Trenzas Sonoras<\/a><\/p>\n","protected":false},"excerpt":{"rendered":"<p>Trenzas Sonoras&nbsp;es una investigaci\u00f3n exploratoria sobre las m\u00faltiples sonoridades que caracterizan a una ciudad. Centra su inter\u00e9s en visibilizar y documentar desde una plataforma multimedia, los diferentes procesos de creaci\u00f3n alrededor de contenidos sonoros que&#8230;<\/p>\n","protected":false},"author":1,"featured_media":2079,"comment_status":"open","ping_status":"open","sticky":false,"template":"","format":"standard","meta":{"footnotes":""},"categories":[5],"tags":[44],"class_list":{"0":"post-2135","1":"post","2":"type-post","3":"status-publish","4":"format-standard","5":"has-post-thumbnail","7":"category-produccion","8":"tag-trenzas-sonoras"},"_links":{"self":[{"href":"https:\/\/negrotropico.com\/blog\/wp-json\/wp\/v2\/posts\/2135","targetHints":{"allow":["GET"]}}],"collection":[{"href":"https:\/\/negrotropico.com\/blog\/wp-json\/wp\/v2\/posts"}],"about":[{"href":"https:\/\/negrotropico.com\/blog\/wp-json\/wp\/v2\/types\/post"}],"author":[{"embeddable":true,"href":"https:\/\/negrotropico.com\/blog\/wp-json\/wp\/v2\/users\/1"}],"replies":[{"embeddable":true,"href":"https:\/\/negrotropico.com\/blog\/wp-json\/wp\/v2\/comments?post=2135"}],"version-history":[{"count":1,"href":"https:\/\/negrotropico.com\/blog\/wp-json\/wp\/v2\/posts\/2135\/revisions"}],"predecessor-version":[{"id":2255,"href":"https:\/\/negrotropico.com\/blog\/wp-json\/wp\/v2\/posts\/2135\/revisions\/2255"}],"wp:featuredmedia":[{"embeddable":true,"href":"https:\/\/negrotropico.com\/blog\/wp-json\/wp\/v2\/media\/2079"}],"wp:attachment":[{"href":"https:\/\/negrotropico.com\/blog\/wp-json\/wp\/v2\/media?parent=2135"}],"wp:term":[{"taxonomy":"category","embeddable":true,"href":"https:\/\/negrotropico.com\/blog\/wp-json\/wp\/v2\/categories?post=2135"},{"taxonomy":"post_tag","embeddable":true,"href":"https:\/\/negrotropico.com\/blog\/wp-json\/wp\/v2\/tags?post=2135"}],"curies":[{"name":"wp","href":"https:\/\/api.w.org\/{rel}","templated":true}]}}