{"id":2348,"date":"2022-08-22T22:22:00","date_gmt":"2022-08-23T03:22:00","guid":{"rendered":"https:\/\/negrotropico.com\/blog\/?p=2348"},"modified":"2025-10-11T15:38:22","modified_gmt":"2025-10-11T20:38:22","slug":"balsa-de-fuego","status":"publish","type":"post","link":"https:\/\/negrotropico.com\/blog\/articulo\/balsa-de-fuego\/","title":{"rendered":"Balsa de Fuego"},"content":{"rendered":"\n<p class=\"has-white-color has-black-background-color has-text-color has-background has-link-color has-medium-font-size wp-elements-d924e5354d9b311136bcba7636bdcb76\">xPor: <a href=\"https:\/\/x.com\/haroldpardey\" target=\"_blank\" rel=\"noreferrer noopener\">Harold Pardey<\/a> (<a href=\"https:\/\/instagram.com\/sursystem\" target=\"_blank\" rel=\"noreferrer noopener\">Sat\u00e9lite Sursystem<\/a>)<\/p>\n\n\n\n<div style=\"height:20px\" aria-hidden=\"true\" class=\"wp-block-spacer\"><\/div>\n\n\n\n<h2 class=\"wp-block-heading has-x-large-font-size\"><strong>\u00a1La M\u00fasica como elixir espiritual y literario!<\/strong><\/h2>\n\n\n\n<div style=\"height:20px\" aria-hidden=\"true\" class=\"wp-block-spacer\"><\/div>\n\n\n\n<div style=\"height:20px\" aria-hidden=\"true\" class=\"wp-block-spacer\"><\/div>\n\n\n\n<h3 class=\"wp-block-heading has-text-align-center has-large-font-size\"><strong>Flash Back<\/strong><\/h3>\n\n\n\n<hr class=\"wp-block-separator has-alpha-channel-opacity\"\/>\n\n\n\n<p>No recuerdo con precisi\u00f3n el momento exacto, cu\u00e1ndo el Hotel Los Reyes dej\u00f3 de existir en el tr\u00f3pico cale\u00f1o, pero s\u00ed puedo estar seguro desde mi vocaci\u00f3n de cronista sound system que en la primera d\u00e9cada de siglo XXI, la calle del pecado se convirti\u00f3 en el primer laboratorio m\u00e1gico musical del litoral urbano. Los corrinches de currulao brotaban de forma espont\u00e1nea con el flow m\u00edstico de la marimba de chonta y docenas de galonetas de viche. Puro roots y ashe en el intergal\u00e1ctico tr\u00f3pico chontaduro.<\/p>\n\n\n\n<p>All\u00ed, en el centro del volc\u00e1n embrujador, que celebraba la dignidad de los pueblos paridos en la selv\u00e1tica percusi\u00f3n del alma de nuestros ancestros, estaba inmerso el periodista, escritor y traductor Juan Carlos Garay, con su barba de rockero setentero, y cuyo talento creativo conoc\u00eda por \u00a0sus estupendas rese\u00f1as\u00a0 musicales \u00a0publicadas en la revista Semana, y la lectura de su opera prima, la novela <em>\u201cLa Nostalgia del Mel\u00f3mano\u201d,<\/em> \u00a0una divertida ficci\u00f3n repleta \u00a0de im\u00e1genes sonoras\u00a0 hacia el jazz, el blues y el car\u00e1cter aur\u00e1tico de los\u00a0 vinilos,\u00a0 que atesoraba la tienda (Cocodrilo Discos) de su protagonista, Francisco Talavera. Todo esto relacionado con la b\u00fasqueda de una rara grabaci\u00f3n de <em>\u201cEl Rat\u00f3n\u201d,<\/em> realizada por Cheo Feliciano que incluye un solo de guitarra de Eric Clapton en 1974, a\u00f1o del nacimiento de Garay en Lima-Per\u00fa.<\/p>\n\n\n\n<p>Observarlo en ese contexto festivo de remate del Petronio, en la m\u00edtica calle larga de cuatro cuadras, que se mestizaba en un aluvi\u00f3n fascinante de fraternidad, erotismo, arrechera, lumpenaje, y diversidad sexual, significaba comprender la pasi\u00f3n y la vocaci\u00f3n de un&nbsp; etno music\u00f3grafo, &nbsp;pues el autor de la novela&nbsp; \u201cLa Canci\u00f3n de la luna \u201c, disfrutaba tomando atenta nota de los m\u00faltiples paisajes sonoros que nos transportaban &nbsp;a otros umbrales de la existencia, en aquellas noches sin cronometro en la calicalentura. A\u00f1os despu\u00e9s todas estas experiencias sensoriales, se convertir\u00edan en material imprescindible de sus apuestas narrativas, para deleite de su querida especie lectora y meloman\u00edaca sintonizada con sus programas en la Radio Nacional de Colombia y sus investigaciones sobre la salsa en la g\u00e9lida urbe capitalina, que le signific\u00f3 un premio de periodismo Sim\u00f3n Bol\u00edvar en el 2008.<\/p>\n\n\n\n<div style=\"height:80px\" aria-hidden=\"true\" class=\"wp-block-spacer\"><\/div>\n\n\n\n<figure class=\"wp-block-image size-large\"><img loading=\"lazy\" decoding=\"async\" width=\"1024\" height=\"576\" src=\"https:\/\/negrotropico.com\/blog\/wp-content\/uploads\/2025\/08\/Balsa-de-Fuego-1024x576.gif\" alt=\"\" class=\"wp-image-2353\" srcset=\"https:\/\/negrotropico.com\/blog\/wp-content\/uploads\/2025\/08\/Balsa-de-Fuego-1024x576.gif 1024w, https:\/\/negrotropico.com\/blog\/wp-content\/uploads\/2025\/08\/Balsa-de-Fuego-300x169.gif 300w, https:\/\/negrotropico.com\/blog\/wp-content\/uploads\/2025\/08\/Balsa-de-Fuego-768x432.gif 768w, https:\/\/negrotropico.com\/blog\/wp-content\/uploads\/2025\/08\/Balsa-de-Fuego-1536x864.gif 1536w, https:\/\/negrotropico.com\/blog\/wp-content\/uploads\/2025\/08\/Balsa-de-Fuego-360x203.gif 360w\" sizes=\"auto, (max-width: 1024px) 100vw, 1024px\" \/><\/figure>\n\n\n\n<div style=\"height:80px\" aria-hidden=\"true\" class=\"wp-block-spacer\"><\/div>\n\n\n\n<h3 class=\"wp-block-heading has-text-align-center has-large-font-size\"><strong>Sinopsis<\/strong><\/h3>\n\n\n\n<hr class=\"wp-block-separator has-alpha-channel-opacity\"\/>\n\n\n\n<p>Balsa de Fuego fue el mejor grupo musical onda world music que existi\u00f3 en Colombia. Conozca en 295 p\u00e1ginas su fascinante y excepcional historia, narrada en un lenguaje h\u00edbrido entre cr\u00f3nica y reportaje de largo aliento, por un singular periodista de la revista Rock and roll,&nbsp; &nbsp;quien&nbsp; nos invita a conocer &nbsp;el relato de vida de Sebasti\u00e1n Vidales, bajista de Ultratumba, un grupo de heavy metal bogotano de la escena underground.<\/p>\n\n\n\n<p>Un d\u00eda, en medio de una presentaci\u00f3n en la Media Torta, lo impacta un rayo que lo deja inconsciente. A partir de ese momento su destino cambia. &nbsp;Decide &nbsp;estudiar&nbsp; en la India, con el legendario maestro Rash Khan, &nbsp;y &nbsp;en Bombay comienza un viaje inici\u00e1tico de car\u00e1cter espiritual con la lectura de los textos sagrados &nbsp;y musical, aprendiendo a&nbsp; tocar el Sitar, que lo llevar\u00e1 de nuevo al \u00fatero musical donde surgieron las 1280 almas y los Aterciopelados, para fundar luego junto a una cofrad\u00eda de artistas, \u201cLa Balsa de Fuego\u201d, una banda de rock independiente que redescubre en el folclor colombiano,&nbsp; la base fundamental &nbsp;de su m\u00fasica y cuyas canciones son hipn\u00f3ticas gemas sonoras.<\/p>\n\n\n\n<p>Una cofrad\u00eda de m\u00fasicos, entre&nbsp; &nbsp;acad\u00e9micos, emp\u00edricos y callejeros que emergen &nbsp;del asfalto capitalino y las periferias del caribe, enarbolando el&nbsp; esp\u00edritu autogestivo frente al capitalismo can\u00edbal de la industria, el desinter\u00e9s y la ignorancia &nbsp;de los mass media,&nbsp; y&nbsp; terminan grabando tres discos que revolucionan la escena musical alternativa,&nbsp; influyendo en la reconfiguraci\u00f3n del &nbsp;mapa sonoro, &nbsp;mestizo y multicultural del pa\u00eds , no sin antes enfrentar la censura e intolerancia&nbsp; de fan\u00e1ticos religiosos y ser v\u00edctimas de empresarios inescrupulosos en su corta pero agitada vida art\u00edstica.<\/p>\n\n\n\n<div style=\"height:20px\" aria-hidden=\"true\" class=\"wp-block-spacer\"><\/div>\n\n\n\n<h3 class=\"wp-block-heading has-text-align-center has-large-font-size\"><strong>Coda<\/strong><\/h3>\n\n\n\n<hr class=\"wp-block-separator has-alpha-channel-opacity\"\/>\n\n\n\n<p><em>\u201cBalsa de Fuego\u201d,<\/em> es una novela editada por Alfaguara y dividida en tres partes (el embri\u00f3n, la fragua y el desquicio), &nbsp;&nbsp;cuyo eje central es la m\u00fasica y su relaci\u00f3n umbilical&nbsp; con la ciudad, el espacio urbano, el cambio clim\u00e1tico y la cultura en Colombia. Tejiendo y destejiendo&nbsp; los puntos de fuga de la realidad contempor\u00e1nea&nbsp; con fina sutileza, su autor, nos invita a&nbsp; navegar un oc\u00e9ano narrativo de ritmos &nbsp;y aires, a trav\u00e9s de su personaje principal, Sebasti\u00e1n Vidales, donde la m\u00fasica es una forma de viaje, de desplazamiento, &nbsp;de traves\u00eda generacional a trav\u00e9s de su misticismo espiritual hind\u00fa &nbsp;que atraviesa &nbsp;dimensiones c\u00f3smicas y cosmog\u00f3nicas por el encuentro con las sonoridades de Los Gaiteros de San Jacinto, Tot\u00f3 La Momposina, Antonio Arnedo, Curupira , Yuri Buenaventura y la Mojarra El\u00e9ctrica,&nbsp; y el reconocimiento de la tercera ra\u00edz: la africana , en el festival Petronio \u00c1lvarez. &nbsp;<\/p>\n\n\n\n<p>Este es un libro apasionado, intenso, erudito &nbsp;donde Juan Carlos Garay homenajea a los m\u00fasicos colombianos y reivindica el folklore urbano de las m\u00fasicas, inquietas y transgresoras de las fronteras que trazan los g\u00e9neros, explorando el cruce de varias culturas musicales, mediante el sonido, la inclusi\u00f3n de tradiciones musicales ra\u00edzales de las costas de nuestro pa\u00eds,&nbsp; y la b\u00fasqueda est\u00e9tica de un nuevo lenguaje dentro &nbsp;del mestizaje sonoro, &nbsp;y termina documentando uno de los momentos m\u00e1s interesantes de la m\u00fasica colombiana, y &nbsp;que est\u00e1 contando otras historias del pa\u00eds, diferentes a las que cuentan los g\u00e9neros musicales establecidos. \u00a1Ay, \u00a1La balsa de fuego, va sola, va sola!<\/p>\n","protected":false},"excerpt":{"rendered":"<p>xPor: Harold Pardey (Sat\u00e9lite Sursystem) \u00a1La M\u00fasica como elixir espiritual y literario! Flash Back No recuerdo con precisi\u00f3n el momento exacto, cu\u00e1ndo el Hotel Los Reyes dej\u00f3 de existir en el tr\u00f3pico cale\u00f1o, pero s\u00ed&#8230;<\/p>\n","protected":false},"author":1,"featured_media":2352,"comment_status":"open","ping_status":"open","sticky":false,"template":"","format":"standard","meta":{"footnotes":""},"categories":[57],"tags":[87,85,88],"class_list":{"0":"post-2348","1":"post","2":"type-post","3":"status-publish","4":"format-standard","5":"has-post-thumbnail","7":"category-articulo","8":"tag-cronica","9":"tag-literarura","10":"tag-resena"},"_links":{"self":[{"href":"https:\/\/negrotropico.com\/blog\/wp-json\/wp\/v2\/posts\/2348","targetHints":{"allow":["GET"]}}],"collection":[{"href":"https:\/\/negrotropico.com\/blog\/wp-json\/wp\/v2\/posts"}],"about":[{"href":"https:\/\/negrotropico.com\/blog\/wp-json\/wp\/v2\/types\/post"}],"author":[{"embeddable":true,"href":"https:\/\/negrotropico.com\/blog\/wp-json\/wp\/v2\/users\/1"}],"replies":[{"embeddable":true,"href":"https:\/\/negrotropico.com\/blog\/wp-json\/wp\/v2\/comments?post=2348"}],"version-history":[{"count":26,"href":"https:\/\/negrotropico.com\/blog\/wp-json\/wp\/v2\/posts\/2348\/revisions"}],"predecessor-version":[{"id":2386,"href":"https:\/\/negrotropico.com\/blog\/wp-json\/wp\/v2\/posts\/2348\/revisions\/2386"}],"wp:featuredmedia":[{"embeddable":true,"href":"https:\/\/negrotropico.com\/blog\/wp-json\/wp\/v2\/media\/2352"}],"wp:attachment":[{"href":"https:\/\/negrotropico.com\/blog\/wp-json\/wp\/v2\/media?parent=2348"}],"wp:term":[{"taxonomy":"category","embeddable":true,"href":"https:\/\/negrotropico.com\/blog\/wp-json\/wp\/v2\/categories?post=2348"},{"taxonomy":"post_tag","embeddable":true,"href":"https:\/\/negrotropico.com\/blog\/wp-json\/wp\/v2\/tags?post=2348"}],"curies":[{"name":"wp","href":"https:\/\/api.w.org\/{rel}","templated":true}]}}