{"id":2409,"date":"2025-10-01T22:22:00","date_gmt":"2025-10-02T03:22:00","guid":{"rendered":"https:\/\/negrotropico.com\/blog\/?p=2409"},"modified":"2025-11-07T10:02:22","modified_gmt":"2025-11-07T15:02:22","slug":"recital-de-franc-en-el-festival-de-aves-de-la-leonera","status":"publish","type":"post","link":"https:\/\/negrotropico.com\/blog\/noticia\/recital-de-franc-en-el-festival-de-aves-de-la-leonera\/","title":{"rendered":"Recital de Franc en El Festival de Aves de La Leonera"},"content":{"rendered":"\n<p>El domingo 19 de octubre de 2025. <strong><a href=\"https:\/\/francbalanta.com\" target=\"_blank\" rel=\"noreferrer noopener\">Franc<\/a><\/strong> estar\u00e1 en el Festival de Aves en el corregimiento de La Leonera en Cali, Colombia. Acompa\u00f1ando la jornada cultural con m\u00fasica junto a Zuli Clown, Tr\u00edo Nuevo Atardecer, Pisky, y Alel\u00ed.<\/p>\n\n\n<div class=\"wp-block-image\">\n<figure class=\"aligncenter size-large\"><img loading=\"lazy\" decoding=\"async\" width=\"1024\" height=\"1024\" src=\"https:\/\/negrotropico.com\/blog\/wp-content\/uploads\/2025\/10\/franc-festival-aves-2-1024x1024.jpg\" alt=\"\" class=\"wp-image-2411\" srcset=\"https:\/\/negrotropico.com\/blog\/wp-content\/uploads\/2025\/10\/franc-festival-aves-2-1024x1024.jpg 1024w, https:\/\/negrotropico.com\/blog\/wp-content\/uploads\/2025\/10\/franc-festival-aves-2-300x300.jpg 300w, https:\/\/negrotropico.com\/blog\/wp-content\/uploads\/2025\/10\/franc-festival-aves-2-150x150.jpg 150w, https:\/\/negrotropico.com\/blog\/wp-content\/uploads\/2025\/10\/franc-festival-aves-2-768x768.jpg 768w, https:\/\/negrotropico.com\/blog\/wp-content\/uploads\/2025\/10\/franc-festival-aves-2-360x360.jpg 360w, https:\/\/negrotropico.com\/blog\/wp-content\/uploads\/2025\/10\/franc-festival-aves-2.jpg 1080w\" sizes=\"auto, (max-width: 1024px) 100vw, 1024px\" \/><\/figure>\n<\/div>\n\n\n<script charset=\"utf-8\" src=\"https:\/\/widgetv3.bandsintown.com\/main.min.js\"><\/script>\n  <a class=\"bit-widget-initializer\"\n\n\tdata-artist-name=\"id_15616241\"\n\n\tdata-events-to-display=\"\"\n\tdata-background-color=\"rgba(0,0,0,1)\"\n\tdata-separator-color=\"rgba(221,221,221,1)\"\n\tdata-text-color=\"rgba(255,255,255,1)\"\n\tdata-font=\"Helvetica\"\n\tdata-auto-style=\"true\"\n\n\tdata-button-label-capitalization=\"uppercase\"\n\tdata-header-capitalization=\"uppercase\"\n\tdata-location-capitalization=\"uppercase\"\n\tdata-venue-capitalization=\"uppercase\"\n\tdata-display-local-dates=\"true\"\n\tdata-local-dates-position=\"tab\"\n\tdata-display-past-dates=\"true\"\n\tdata-display-details=\"false\"\n\tdata-display-lineup=\"false\"\n\tdata-display-start-time=\"false\"\n\tdata-social-share-icon=\"false\"\n\tdata-display-limit=\"all\"\n\n\tdata-date-format=\"MMM. D, YYYY\"\n\tdata-date-orientation=\"horizontal\"\n\tdata-date-border-color=\"#4A4A4A\"\n\tdata-date-border-width=\"1px\"\n\tdata-date-capitalization=\"capitalize\"\n\tdata-date-border-radius=\"10px\"\n\n\tdata-event-ticket-cta-size=\"medium\"\n\tdata-event-custom-ticket-text=\"\"\n\tdata-event-ticket-text=\"TICKETS\"\n\tdata-event-ticket-icon=\"false\"\n\tdata-event-ticket-cta-text-color=\"rgba(255,255,255,1)\"\n\tdata-event-ticket-cta-bg-color=\"rgba(74,74,74,1)\"\n\tdata-event-ticket-cta-border-color=\"rgba(74,74,74,1)\"\n\tdata-event-ticket-cta-border-width=\"0px\"\n\tdata-event-ticket-cta-border-radius=\"2px\"\n\n\tdata-sold-out-button-text-color=\"rgba(255,255,255,1)\"\n\tdata-sold-out-button-background-color=\"rgba(74,74,74,1)\"\n\tdata-sold-out-button-border-color=\"rgba(74,74,74,1)\"\n\tdata-sold-out-button-clickable=\"true\"\n\n\tdata-event-rsvp-position=\"left\"\n\tdata-event-rsvp-cta-size=\"medium\"\n\tdata-event-rsvp-only-show-icon=\"false\"\n\tdata-event-rsvp-text=\"RSVP\"\n\tdata-event-rsvp-icon=\"false\"\n\tdata-event-rsvp-cta-text-color=\"rgba(74,74,74,1)\"\n\tdata-event-rsvp-cta-bg-color=\"rgba(255,255,255,1)\"\n\tdata-event-rsvp-cta-border-color=\"rgba(74,74,74,1)\"\n\tdata-event-rsvp-cta-border-width=\"1px\"\n\tdata-event-rsvp-cta-border-radius=\"2px\"\n\n\tdata-follow-section-position=\"top\"\n\tdata-follow-section-alignment=\"center\"\n\tdata-follow-section-header-text=\"Get updates on new shows, new music, and more\"\n\tdata-follow-section-cta-size=\"medium\"\n\tdata-follow-section-cta-text=\"FOLLOW\"\n\tdata-follow-section-cta-icon=\"false\"\n\tdata-follow-section-cta-text-color=\"rgba(255,255,255,1)\"\n\tdata-follow-section-cta-bg-color=\"rgba(74,74,74,1)\"\n\tdata-follow-section-cta-border-color=\"rgba(74,74,74,1)\"\n\tdata-follow-section-cta-border-width=\"0px\"\n\tdata-follow-section-cta-border-radius=\"2px\"\n\n\tdata-play-my-city-position=\"bottom\"\n\tdata-play-my-city-alignment=\"center\"\n\tdata-play-my-city-header-text=\"Don\u2019t see a show near you?\"\n\tdata-play-my-city-cta-size=\"medium\"\n\tdata-play-my-city-cta-text=\"REQUEST A SHOW\"\n\tdata-play-my-city-cta-icon=\"false\"\n\tdata-play-my-city-cta-text-color=\"rgba(255,255,255,1)\"\n\tdata-play-my-city-cta-bg-color=\"rgba(74,74,74,1)\"\n\tdata-play-my-city-cta-border-color=\"rgba(74,74,74,1)\"\n\tdata-play-my-city-cta-border-width=\"0px\"\n\tdata-play-my-city-cta-border-radius=\"2px\"\n\n\tdata-optin-font=\"\"\n\tdata-optin-text-color=\"\"\n\tdata-optin-bg-color=\"\"\n\tdata-optin-cta-text-color=\"\"\n\tdata-optin-cta-bg-color=\"\"\n\tdata-optin-cta-border-width=\"\"\n\tdata-optin-cta-border-radius=\"\"\n\tdata-optin-cta-border-color=\"\"\n\n\tdata-language=\"en\"\n\tdata-layout-breakpoint=\"900\"\n\tdata-app-id=\"\"\n\tdata-affil-code=\"\"\n\tdata-bit-logo-position=\"bottomRight\"\n\tdata-bit-logo-color=\"rgba(255,255,255,1)\"\n\n    ><\/a>\n\n\n\n<p>Para m\u00e1s recitales de Franc, visita: <a href=\"http:\/\/francbalanta.com\/recitales\" target=\"_blank\" rel=\"noopener\">francbalanta.com\/recitales<\/a><\/p>\n\n\n<div class=\"wp-block-image\">\n<figure class=\"aligncenter size-large\"><img loading=\"lazy\" decoding=\"async\" width=\"1024\" height=\"1024\" src=\"https:\/\/negrotropico.com\/blog\/wp-content\/uploads\/2025\/10\/franc-festival-aves-1-1024x1024.jpg\" alt=\"\" class=\"wp-image-2410\" srcset=\"https:\/\/negrotropico.com\/blog\/wp-content\/uploads\/2025\/10\/franc-festival-aves-1-1024x1024.jpg 1024w, https:\/\/negrotropico.com\/blog\/wp-content\/uploads\/2025\/10\/franc-festival-aves-1-300x300.jpg 300w, https:\/\/negrotropico.com\/blog\/wp-content\/uploads\/2025\/10\/franc-festival-aves-1-150x150.jpg 150w, https:\/\/negrotropico.com\/blog\/wp-content\/uploads\/2025\/10\/franc-festival-aves-1-768x768.jpg 768w, https:\/\/negrotropico.com\/blog\/wp-content\/uploads\/2025\/10\/franc-festival-aves-1-360x360.jpg 360w, https:\/\/negrotropico.com\/blog\/wp-content\/uploads\/2025\/10\/franc-festival-aves-1.jpg 1080w\" sizes=\"auto, (max-width: 1024px) 100vw, 1024px\" \/><\/figure>\n<\/div>","protected":false},"excerpt":{"rendered":"<p>El domingo 19 de octubre de 2025. Franc estar\u00e1 en el Festival de Aves en el corregimiento de La Leonera en Cali, Colombia. Acompa\u00f1ando la jornada cultural con m\u00fasica junto a Zuli Clown, Tr\u00edo Nuevo&#8230;<\/p>\n","protected":false},"author":1,"featured_media":2414,"comment_status":"open","ping_status":"open","sticky":false,"template":"","format":"standard","meta":{"footnotes":""},"categories":[2],"tags":[],"class_list":{"0":"post-2409","1":"post","2":"type-post","3":"status-publish","4":"format-standard","5":"has-post-thumbnail","7":"category-noticia"},"_links":{"self":[{"href":"https:\/\/negrotropico.com\/blog\/wp-json\/wp\/v2\/posts\/2409","targetHints":{"allow":["GET"]}}],"collection":[{"href":"https:\/\/negrotropico.com\/blog\/wp-json\/wp\/v2\/posts"}],"about":[{"href":"https:\/\/negrotropico.com\/blog\/wp-json\/wp\/v2\/types\/post"}],"author":[{"embeddable":true,"href":"https:\/\/negrotropico.com\/blog\/wp-json\/wp\/v2\/users\/1"}],"replies":[{"embeddable":true,"href":"https:\/\/negrotropico.com\/blog\/wp-json\/wp\/v2\/comments?post=2409"}],"version-history":[{"count":3,"href":"https:\/\/negrotropico.com\/blog\/wp-json\/wp\/v2\/posts\/2409\/revisions"}],"predecessor-version":[{"id":2430,"href":"https:\/\/negrotropico.com\/blog\/wp-json\/wp\/v2\/posts\/2409\/revisions\/2430"}],"wp:featuredmedia":[{"embeddable":true,"href":"https:\/\/negrotropico.com\/blog\/wp-json\/wp\/v2\/media\/2414"}],"wp:attachment":[{"href":"https:\/\/negrotropico.com\/blog\/wp-json\/wp\/v2\/media?parent=2409"}],"wp:term":[{"taxonomy":"category","embeddable":true,"href":"https:\/\/negrotropico.com\/blog\/wp-json\/wp\/v2\/categories?post=2409"},{"taxonomy":"post_tag","embeddable":true,"href":"https:\/\/negrotropico.com\/blog\/wp-json\/wp\/v2\/tags?post=2409"}],"curies":[{"name":"wp","href":"https:\/\/api.w.org\/{rel}","templated":true}]}}